{"id":1869,"date":"2025-01-30T15:17:00","date_gmt":"2025-01-30T14:17:00","guid":{"rendered":"https:\/\/pair-aidance-addictions-bretagne.bzh\/?p=1869"},"modified":"2025-01-30T15:47:43","modified_gmt":"2025-01-30T14:47:43","slug":"au-senat-une-proposition-de-loi-pour-depenaliser-lusage-de-drogues","status":"publish","type":"post","link":"https:\/\/pair-aidance-addictions-bretagne.bzh\/index.php\/2025\/01\/30\/au-senat-une-proposition-de-loi-pour-depenaliser-lusage-de-drogues\/","title":{"rendered":"Au S\u00e9nat, une proposition de loi pour d\u00e9p\u00e9naliser l\u2019usage de drogues"},"content":{"rendered":"\n<p><em>Le 27 janvier 2025, la s\u00e9natrice Anne Souyris a pr\u00e9sent\u00e9 la proposition de loi intitul\u00e9e \u00ab relative \u00e0 la d\u00e9p\u00e9nalisation de l\u2019usage de drogues pour mieux soigner les personnes d\u00e9pendantes et apaiser l\u2019espace public \u00bb.<\/em><\/p>\n\n\n\n<p>Cette initiative \u00e9merge alors que l\u2019attention publique est intens\u00e9ment port\u00e9e sur la lutte contre le narcotrafic, souvent sous un angle r\u00e9pressif. La proposition de loi d\u2019Anne Souyris sugg\u00e8re de d\u00e9p\u00e9naliser la consommation de drogues en \u00e9liminant les sanctions p\u00e9nales pour l\u2019usage simple. Elle recommande l\u2019instauration d\u2019un syst\u00e8me semblable \u00e0 celui mis en place au Portugal en 2001, o\u00f9 la possession de petites quantit\u00e9s de drogues pour usage personnel est d\u00e9criminalis\u00e9e, privil\u00e9giant ainsi une approche de sant\u00e9 publique plut\u00f4t que punitive.<\/p>\n\n\n\n<p>Cette approche s\u2019inspire des travaux men\u00e9s par le collectif pour une nouvelle politique des drogues (CNPD), auquel la F\u00e9d\u00e9ration Addiction participe activement. Le CNPD milite pour une r\u00e9forme des politiques publiques sur les drogues, mettant l\u2019accent sur la pr\u00e9vention, la r\u00e9duction des risques et le soutien aux personnes concern\u00e9es.<\/p>\n\n\n\n<p>Lors de la conf\u00e9rence de presse organis\u00e9e au S\u00e9nat le 27 janvier, la s\u00e9natrice Souyris \u00e9tait accompagn\u00e9e par des membres du CNPD, parmi lesquels Catherine Delorme, pr\u00e9sidente de la F\u00e9d\u00e9ration Addiction, Nathalie Tehio, pr\u00e9sidente de la Ligue des Droits de l\u2019Homme, et Alain Morel, psychiatre et addictologue. Ils ont tous insist\u00e9 sur la n\u00e9cessit\u00e9 de remettre les enjeux de sant\u00e9 au c\u0153ur des discussions sur les drogues, consid\u00e9rant que la d\u00e9p\u00e9nalisation de l\u2019usage constitue une \u00e9tape cruciale pour am\u00e9liorer l\u2019accompagnement des personnes impliqu\u00e9es et att\u00e9nuer les probl\u00e8mes li\u00e9s au trafic.<\/p>\n\n\n\n<p>Cette proposition de loi, qui est la premi\u00e8re \u00e0 sugg\u00e9rer la d\u00e9p\u00e9nalisation de l\u2019usage des drogues, introduit ainsi une nouvelle dimension dans le d\u00e9bat sur les drogues en France, en privil\u00e9giant une approche ax\u00e9e sur la sant\u00e9 et le social.<\/p>\n\n\n\n<p>Source : <a href=\"https:\/\/www.federationaddiction.fr\/actualites\/politique-publique\/droits-des-usagers-et-patients\/au-senat-une-proposition-de-loi-pour-depenaliser-lusage-de-drogues\/\" target=\"_blank\" rel=\"noreferrer noopener\">F\u00e9d\u00e9ration Addiction <\/a><\/p>\n","protected":false},"excerpt":{"rendered":"<p>Le 27 janvier 2025, la s\u00e9natrice Anne Souyris a pr\u00e9sent\u00e9 la proposition de loi intitul\u00e9e \u00ab relative \u00e0 la d\u00e9p\u00e9nalisation de l\u2019usage de drogues pour [&#8230;]<\/p>\n","protected":false},"author":1,"featured_media":1870,"comment_status":"open","ping_status":"open","sticky":false,"template":"","format":"standard","meta":{"_jetpack_memberships_contains_paid_content":false,"footnotes":""},"categories":[5],"tags":[],"class_list":["post-1869","post","type-post","status-publish","format-standard","has-post-thumbnail","hentry","category-actualites"],"jetpack_featured_media_url":"https:\/\/pair-aidance-addictions-bretagne.bzh\/wp-content\/uploads\/2025\/01\/Capture-decran-2025-01-30-a-15.43.38.png","jetpack_sharing_enabled":true,"_links":{"self":[{"href":"https:\/\/pair-aidance-addictions-bretagne.bzh\/index.php\/wp-json\/wp\/v2\/posts\/1869","targetHints":{"allow":["GET"]}}],"collection":[{"href":"https:\/\/pair-aidance-addictions-bretagne.bzh\/index.php\/wp-json\/wp\/v2\/posts"}],"about":[{"href":"https:\/\/pair-aidance-addictions-bretagne.bzh\/index.php\/wp-json\/wp\/v2\/types\/post"}],"author":[{"embeddable":true,"href":"https:\/\/pair-aidance-addictions-bretagne.bzh\/index.php\/wp-json\/wp\/v2\/users\/1"}],"replies":[{"embeddable":true,"href":"https:\/\/pair-aidance-addictions-bretagne.bzh\/index.php\/wp-json\/wp\/v2\/comments?post=1869"}],"version-history":[{"count":1,"href":"https:\/\/pair-aidance-addictions-bretagne.bzh\/index.php\/wp-json\/wp\/v2\/posts\/1869\/revisions"}],"predecessor-version":[{"id":1871,"href":"https:\/\/pair-aidance-addictions-bretagne.bzh\/index.php\/wp-json\/wp\/v2\/posts\/1869\/revisions\/1871"}],"wp:featuredmedia":[{"embeddable":true,"href":"https:\/\/pair-aidance-addictions-bretagne.bzh\/index.php\/wp-json\/wp\/v2\/media\/1870"}],"wp:attachment":[{"href":"https:\/\/pair-aidance-addictions-bretagne.bzh\/index.php\/wp-json\/wp\/v2\/media?parent=1869"}],"wp:term":[{"taxonomy":"category","embeddable":true,"href":"https:\/\/pair-aidance-addictions-bretagne.bzh\/index.php\/wp-json\/wp\/v2\/categories?post=1869"},{"taxonomy":"post_tag","embeddable":true,"href":"https:\/\/pair-aidance-addictions-bretagne.bzh\/index.php\/wp-json\/wp\/v2\/tags?post=1869"}],"curies":[{"name":"wp","href":"https:\/\/api.w.org\/{rel}","templated":true}]}}