{"id":2438,"date":"2026-04-25T13:48:33","date_gmt":"2026-04-25T11:48:33","guid":{"rendered":"https:\/\/pair-aidance-addictions-bretagne.bzh\/?p=2438"},"modified":"2026-04-25T14:00:01","modified_gmt":"2026-04-25T12:00:01","slug":"actualites-addictologie-en-bretagne-semaine-du-20-avril-2026","status":"publish","type":"post","link":"https:\/\/pair-aidance-addictions-bretagne.bzh\/index.php\/2026\/04\/25\/actualites-addictologie-en-bretagne-semaine-du-20-avril-2026\/","title":{"rendered":"Actualit\u00e9s addictologie en Bretagne &#8211; semaine du 20 avril 2026"},"content":{"rendered":"\n<p>Plusieurs actualit\u00e9s ont marqu\u00e9 la semaine en Bretagne dans le champ de l\u2019addictologie et de la sant\u00e9 mentale.<\/p>\n\n\n\n<p>Voici une s\u00e9lection d\u2019informations, d\u2019\u00e9v\u00e9nements et de ressources \u00e0 retenir.<\/p>\n\n\n\n<hr class=\"wp-block-separator has-alpha-channel-opacity\"\/>\n\n\n\n<h2 class=\"wp-block-heading\">\ud83d\udcca Consommations des jeunes en Bretagne : un constat pr\u00e9occupant<\/h2>\n\n\n\n<p>Selon des donn\u00e9es r\u00e9centes relay\u00e9es par la presse r\u00e9gionale, la Bretagne se situe parmi les r\u00e9gions les plus concern\u00e9es par les consommations d\u2019alcool, de tabac et de drogues chez les jeunes.<\/p>\n\n\n\n<p>Quelques \u00e9l\u00e9ments marquants :<\/p>\n\n\n\n<ul class=\"wp-block-list\">\n<li>une consommation d\u2019alcool plus \u00e9lev\u00e9e que la moyenne nationale<\/li>\n\n\n\n<li>un tabagisme qui se maintient chez certains publics<\/li>\n\n\n\n<li>un niveau de vapotage \u00e9lev\u00e9<\/li>\n\n\n\n<li>une progression des usages de coca\u00efne<\/li>\n<\/ul>\n\n\n\n<p><strong>Les 18-25 ans apparaissent particuli\u00e8rement concern\u00e9s.<\/strong><\/p>\n\n\n\n<p>Ces constats rappellent l\u2019importance de renforcer les actions de pr\u00e9vention et d\u2019accompagnement.<\/p>\n\n\n\n<p>\ud83d\udd17 Lire l\u2019article :<br><a href=\"https:\/\/www.ouest-france.fr\/sante\/addictions\/alcool-drogue-et-tabac-les-jeunes-bretons-mauvais-eleves-une-consommation-qui-inquiete-les-autorites-9a29b464-3f1e-11f1-ac09-2dd9a94cc119\">https:\/\/www.ouest-france.fr\/sante\/addictions\/alcool-drogue-et-tabac-les-jeunes-bretons-mauvais-eleves-une-consommation-qui-inquiete-les-autorites-9a29b464-3f1e-11f1-ac09-2dd9a94cc119<\/a><\/p>\n\n\n\n<hr class=\"wp-block-separator has-alpha-channel-opacity\"\/>\n\n\n\n<h2 class=\"wp-block-heading\">\ud83d\udcc5 \u00c0 noter : une journ\u00e9e r\u00e9gionale ELSA \u00e0 Brest<\/h2>\n\n\n\n<p>Une journ\u00e9e r\u00e9gionale des \u00e9quipes de liaison et de soins en addictologie (ELSA) se tiendra :<\/p>\n\n\n\n<p>\ud83d\udccd Brest \u2013 Les Capucins<br>\ud83d\udcc5 19 juin 2026<br>\ud83d\udc49 ouverte aux professionnels et aux \u00e9tudiants<\/p>\n\n\n\n<p>\ud83d\udce9 Inscription : <a>caroline.bourgeais@chu-brest.fr<\/a><\/p>\n\n\n\n<hr class=\"wp-block-separator has-alpha-channel-opacity\"\/>\n\n\n\n<h2 class=\"wp-block-heading\">\ud83e\udde0 Sant\u00e9 mentale : retour sur une journ\u00e9e territoriale dans les C\u00f4tes d\u2019Armor<\/h2>\n\n\n\n<p>Une journ\u00e9e d\u00e9di\u00e9e au Projet Territorial de Sant\u00e9 Mentale (PTSM) des C\u00f4tes d\u2019Armor s\u2019est tenue d\u00e9but avril.<\/p>\n\n\n\n<p>Plusieurs ressources et supports sont d\u00e9sormais disponibles, notamment autour :<\/p>\n\n\n\n<ul class=\"wp-block-list\">\n<li>de la sant\u00e9 mentale des jeunes<\/li>\n\n\n\n<li>des parcours de soins<\/li>\n\n\n\n<li>des actions territoriales<\/li>\n<\/ul>\n\n\n\n<hr class=\"wp-block-separator has-alpha-channel-opacity\"\/>\n\n\n\n<h2 class=\"wp-block-heading\">\ud83c\udf7d\ufe0f Troubles des conduites alimentaires : une journ\u00e9e \u00e0 Ploufragan<\/h2>\n\n\n\n<p>Une journ\u00e9e d\u00e9di\u00e9e aux TCA est organis\u00e9e :<\/p>\n\n\n\n<p>\ud83d\udccd Ploufragan<br>\ud83d\udcc5 12 juin 2026<\/p>\n\n\n\n<p>Deux temps :<\/p>\n\n\n\n<ul class=\"wp-block-list\">\n<li>apr\u00e8s-midi pour les professionnels<\/li>\n\n\n\n<li>soir\u00e9e ouverte au grand public<\/li>\n<\/ul>\n\n\n\n<p>Un temps pour mieux comprendre et \u00e9changer autour de ces troubles.<\/p>\n\n\n\n<hr class=\"wp-block-separator has-alpha-channel-opacity\"\/>\n\n\n\n<h2 class=\"wp-block-heading\">\ud83d\udead Activit\u00e9 physique et sevrage tabagique : un webinaire \u00e0 venir<\/h2>\n\n\n\n<p>Un webinaire propose d\u2019explorer le r\u00f4le de l\u2019activit\u00e9 physique dans l\u2019arr\u00eat du tabac :<\/p>\n\n\n\n<p>\ud83d\udcc5 21 mai 2026 \u2013 14h \u00e0 15h30<br>\ud83c\udfaf ouvert \u00e0 tous<\/p>\n\n\n\n<p>Au programme :<\/p>\n\n\n\n<ul class=\"wp-block-list\">\n<li>impact sur le craving<\/li>\n\n\n\n<li>pr\u00e9vention des rechutes<\/li>\n\n\n\n<li>gestion de la prise de poids<\/li>\n<\/ul>\n\n\n\n<p>\ud83d\udc49 Une approche compl\u00e9mentaire \u00e0 l\u2019accompagnement au sevrage.<\/p>\n\n\n\n<p>\ud83d\udd17 S\u2019inscrire :<br><a href=\"https:\/\/www.arca-sud.fr\/actualites\/agenda?detail=37487\">https:\/\/www.arca-sud.fr\/actualites\/agenda?detail=37487<\/a><\/p>\n\n\n\n<hr class=\"wp-block-separator has-alpha-channel-opacity\"\/>\n\n\n\n<h2 class=\"wp-block-heading\">\ud83e\udded \u00c0 retenir<\/h2>\n\n\n\n<p>Cette semaine met en \u00e9vidence :<\/p>\n\n\n\n<ul class=\"wp-block-list\">\n<li>des enjeux persistants autour des consommations chez les jeunes<\/li>\n\n\n\n<li>une dynamique r\u00e9gionale riche en initiatives<\/li>\n\n\n\n<li>l\u2019importance des approches compl\u00e9mentaires dans l\u2019accompagnement<\/li>\n<\/ul>\n\n\n\n<p>Autant de leviers pour renforcer les actions de pr\u00e9vention et de soutien.<\/p>\n\n\n\n<figure class=\"wp-block-image size-large\"><img loading=\"lazy\" decoding=\"async\" width=\"1024\" height=\"683\" src=\"https:\/\/pair-aidance-addictions-bretagne.bzh\/wp-content\/uploads\/2026\/04\/veille-site-bzh-1024x683.png\" alt=\"\" class=\"wp-image-2440\" srcset=\"https:\/\/pair-aidance-addictions-bretagne.bzh\/wp-content\/uploads\/2026\/04\/veille-site-bzh-1024x683.png 1024w, https:\/\/pair-aidance-addictions-bretagne.bzh\/wp-content\/uploads\/2026\/04\/veille-site-bzh-300x200.png 300w, https:\/\/pair-aidance-addictions-bretagne.bzh\/wp-content\/uploads\/2026\/04\/veille-site-bzh-768x512.png 768w, https:\/\/pair-aidance-addictions-bretagne.bzh\/wp-content\/uploads\/2026\/04\/veille-site-bzh.png 1536w\" sizes=\"auto, (max-width: 1024px) 100vw, 1024px\" \/><\/figure>\n","protected":false},"excerpt":{"rendered":"<p>Plusieurs actualit\u00e9s ont marqu\u00e9 la semaine en Bretagne dans le champ de l\u2019addictologie et de la sant\u00e9 mentale. Voici une s\u00e9lection d\u2019informations, d\u2019\u00e9v\u00e9nements et de [&#8230;]<\/p>\n","protected":false},"author":6,"featured_media":2440,"comment_status":"closed","ping_status":"open","sticky":false,"template":"","format":"standard","meta":{"_jetpack_memberships_contains_paid_content":false,"footnotes":""},"categories":[5],"tags":[],"class_list":["post-2438","post","type-post","status-publish","format-standard","has-post-thumbnail","hentry","category-actualites"],"jetpack_featured_media_url":"https:\/\/pair-aidance-addictions-bretagne.bzh\/wp-content\/uploads\/2026\/04\/veille-site-bzh.png","jetpack_sharing_enabled":true,"_links":{"self":[{"href":"https:\/\/pair-aidance-addictions-bretagne.bzh\/index.php\/wp-json\/wp\/v2\/posts\/2438","targetHints":{"allow":["GET"]}}],"collection":[{"href":"https:\/\/pair-aidance-addictions-bretagne.bzh\/index.php\/wp-json\/wp\/v2\/posts"}],"about":[{"href":"https:\/\/pair-aidance-addictions-bretagne.bzh\/index.php\/wp-json\/wp\/v2\/types\/post"}],"author":[{"embeddable":true,"href":"https:\/\/pair-aidance-addictions-bretagne.bzh\/index.php\/wp-json\/wp\/v2\/users\/6"}],"replies":[{"embeddable":true,"href":"https:\/\/pair-aidance-addictions-bretagne.bzh\/index.php\/wp-json\/wp\/v2\/comments?post=2438"}],"version-history":[{"count":3,"href":"https:\/\/pair-aidance-addictions-bretagne.bzh\/index.php\/wp-json\/wp\/v2\/posts\/2438\/revisions"}],"predecessor-version":[{"id":2443,"href":"https:\/\/pair-aidance-addictions-bretagne.bzh\/index.php\/wp-json\/wp\/v2\/posts\/2438\/revisions\/2443"}],"wp:featuredmedia":[{"embeddable":true,"href":"https:\/\/pair-aidance-addictions-bretagne.bzh\/index.php\/wp-json\/wp\/v2\/media\/2440"}],"wp:attachment":[{"href":"https:\/\/pair-aidance-addictions-bretagne.bzh\/index.php\/wp-json\/wp\/v2\/media?parent=2438"}],"wp:term":[{"taxonomy":"category","embeddable":true,"href":"https:\/\/pair-aidance-addictions-bretagne.bzh\/index.php\/wp-json\/wp\/v2\/categories?post=2438"},{"taxonomy":"post_tag","embeddable":true,"href":"https:\/\/pair-aidance-addictions-bretagne.bzh\/index.php\/wp-json\/wp\/v2\/tags?post=2438"}],"curies":[{"name":"wp","href":"https:\/\/api.w.org\/{rel}","templated":true}]}}