{"id":2445,"date":"2026-05-02T20:02:18","date_gmt":"2026-05-02T18:02:18","guid":{"rendered":"https:\/\/pair-aidance-addictions-bretagne.bzh\/?p=2445"},"modified":"2026-05-02T21:20:10","modified_gmt":"2026-05-02T19:20:10","slug":"veille-addictologie-en-bretagne-27-avril-2026","status":"publish","type":"post","link":"https:\/\/pair-aidance-addictions-bretagne.bzh\/index.php\/2026\/05\/02\/veille-addictologie-en-bretagne-27-avril-2026\/","title":{"rendered":"Veille addictologie en Bretagne \u2013 semaine du 27 avril 2026"},"content":{"rendered":"\n<p>Cette semaine, plusieurs ressources et actualit\u00e9s r\u00e9gionales et nationales m\u00e9ritent l\u2019attention des acteurs de la pr\u00e9vention, de l\u2019addictologie et de la promotion de la sant\u00e9.<\/p>\n\n\n\n<p>Voici l\u2019essentiel \u00e0 retenir.<\/p>\n\n\n\n<hr class=\"wp-block-separator has-alpha-channel-opacity\"\/>\n\n\n\n<h2 class=\"wp-block-heading\">Promotion Sant\u00e9 Bretagne lance sa nouvelle newsletter \u201cVeille au Large\u201d<\/h2>\n\n\n\n<p>Promotion Sant\u00e9 Bretagne propose une nouvelle revue trimestrielle destin\u00e9e aux professionnels, avec :<\/p>\n\n\n\n<ul class=\"wp-block-list\">\n<li>ressources documentaires<\/li>\n\n\n\n<li>outils p\u00e9dagogiques<\/li>\n\n\n\n<li>publications en sant\u00e9 publique<\/li>\n\n\n\n<li>supports en addictologie, sant\u00e9 mentale, ETP et comp\u00e9tences psychosociales<\/li>\n<\/ul>\n\n\n\n<p>Une ressource pr\u00e9cieuse pour structurer sa veille r\u00e9gionale.<\/p>\n\n\n\n<p><a href=\"https:\/\/promotion-sante-bretagne.org\/wp-content\/uploads\/2026\/04\/veille_au_large-1-2026.pdf\" data-type=\"link\" data-id=\"https:\/\/promotion-sante-bretagne.org\/wp-content\/uploads\/2026\/04\/veille_au_large-1-2026.pdf\">A lire ici<\/a><\/p>\n\n\n\n<hr class=\"wp-block-separator has-alpha-channel-opacity\"\/>\n\n\n\n<h2 class=\"wp-block-heading\">Webinaires addictologie : les Chroniques de l\u2019Addicto<\/h2>\n\n\n\n<p>La SRAE Addicto Pays de la Loire poursuit sa s\u00e9rie de webinaires pratiques \u00e0 destination des professionnels de premier recours.<\/p>\n\n\n\n<ul class=\"wp-block-list\">\n<li>sevrage alcool ambulatoire : page de replay disponible<\/li>\n\n\n\n<li>pr\u00e9vention des surdoses d\u2019opio\u00efdes : <a href=\"http:\/\/youtube.com\/watch?v=MDIcZiMvzfY&amp;feature=youtu.be\" data-type=\"link\" data-id=\"youtube.com\/watch?v=MDIcZiMvzfY&amp;feature=youtu.be\">voir le replay<\/a><\/li>\n<\/ul>\n\n\n\n<h3 class=\"wp-block-heading\">\u00c0 venir :<\/h3>\n\n\n\n<ul class=\"wp-block-list\">\n<li>tabagisme et interactions m\u00e9dicamenteuses<\/li>\n<\/ul>\n\n\n\n<p>Des ressources particuli\u00e8rement utiles pour renforcer les pratiques de terrain.<\/p>\n\n\n\n<hr class=\"wp-block-separator has-alpha-channel-opacity\"\/>\n\n\n\n<h2 class=\"wp-block-heading\">Sant\u00e9 publique : quel avenir pour les ARS ?<\/h2>\n\n\n\n<p>La Soci\u00e9t\u00e9 Fran\u00e7aise de Sant\u00e9 Publique alerte sur les risques li\u00e9s aux r\u00e9formes du pilotage territorial :<\/p>\n\n\n\n<ul class=\"wp-block-list\">\n<li>risque d\u2019in\u00e9galit\u00e9s accrues<\/li>\n\n\n\n<li>fragilisation de la pr\u00e9vention<\/li>\n\n\n\n<li>perte de coh\u00e9rence territoriale<\/li>\n\n\n\n<li>menace sur les publics vuln\u00e9rables<\/li>\n<\/ul>\n\n\n\n<p>La SFSP rappelle l\u2019importance d\u2019un pilotage fond\u00e9 sur la pr\u00e9vention, la participation et l\u2019\u00e9quit\u00e9.<\/p>\n\n\n\n<hr class=\"wp-block-separator has-alpha-channel-opacity\"\/>\n\n\n\n<h2 class=\"wp-block-heading\">Pr\u00e9vention en entreprise : penser l\u2019addiction autrement<\/h2>\n\n\n\n<p>Lors du salon Pr\u00e9ventica, qui se tiendra du 16 au 18 juin prochains au Parc Expo de Rennes, l\u2019entreprise Ker &amp; Co pr\u00e9sentera une approche innovante : consid\u00e9rer certaines conduites addictives comme des r\u00e9ponses \u00e0 une souffrance psychique sous-jacente.<\/p>\n\n\n\n<p>Cette lecture met en avant :<\/p>\n\n\n\n<ul class=\"wp-block-list\">\n<li>surcharge mentale<\/li>\n\n\n\n<li>perfectionnisme<\/li>\n\n\n\n<li>hyperinvestissement<\/li>\n\n\n\n<li>r\u00e9gulation \u00e9motionnelle<\/li>\n<\/ul>\n\n\n\n<p>Une approche qui interroge les pratiques classiques de pr\u00e9vention.<\/p>\n\n\n\n<p><a href=\"https:\/\/presseagence.fr\/rennes-sante-au-travail-laddiction-vue-comme-une-reponse-a-la-souffrance\" data-type=\"link\" data-id=\"https:\/\/presseagence.fr\/rennes-sante-au-travail-laddiction-vue-comme-une-reponse-a-la-souffrance\">Lire l&rsquo;article complet<\/a><\/p>\n\n\n\n<hr class=\"wp-block-separator has-alpha-channel-opacity\"\/>\n\n\n\n<h2 class=\"wp-block-heading\">Focus tabacologie<\/h2>\n\n\n\n<p>Parmi les prochains rendez-vous :<\/p>\n\n\n\n<p><strong>Tabagisme et m\u00e9dicaments : penser aux interactions<\/strong> <strong>&#8211; 25\/06\/2026<\/strong> <strong>13h \u00e0 14h<\/strong><\/p>\n\n\n\n<p>Un sujet essentiel pour :<\/p>\n\n\n\n<ul class=\"wp-block-list\">\n<li>m\u00e9decins<\/li>\n\n\n\n<li>infirmiers<\/li>\n\n\n\n<li>tabacologues<\/li>\n\n\n\n<li>acteurs de premier recours<\/li>\n<\/ul>\n\n\n\n<p>Une th\u00e9matique particuli\u00e8rement pertinente dans une logique de pr\u00e9vention int\u00e9gr\u00e9e.<\/p>\n\n\n\n<p><a href=\"https:\/\/us06web.zoom.us\/meeting\/register\/51ZrEIwZSoi9AIIrgZx9Tg#\/registration\" data-type=\"link\" data-id=\"https:\/\/us06web.zoom.us\/meeting\/register\/51ZrEIwZSoi9AIIrgZx9Tg#\/registration\">S&rsquo;inscire<\/a><\/p>\n\n\n\n<hr class=\"wp-block-separator has-alpha-channel-opacity\"\/>\n\n\n\n<h2 class=\"wp-block-heading\">\u00c0 retenir<\/h2>\n\n\n\n<p>Cette semaine met en lumi\u00e8re :<\/p>\n\n\n\n<ul class=\"wp-block-list\">\n<li>une offre croissante de ressources r\u00e9gionales<\/li>\n\n\n\n<li>l\u2019importance de la formation continue<\/li>\n\n\n\n<li>des enjeux majeurs de sant\u00e9 publique territoriale<\/li>\n\n\n\n<li>des approches renouvel\u00e9es de la pr\u00e9vention<\/li>\n<\/ul>\n\n\n\n<p>La veille reste un levier essentiel pour renforcer les pratiques.<\/p>\n\n\n\n<figure class=\"wp-block-image size-large\"><img loading=\"lazy\" decoding=\"async\" width=\"1024\" height=\"683\" src=\"https:\/\/pair-aidance-addictions-bretagne.bzh\/wp-content\/uploads\/2026\/05\/260427-veille-site-bzh-1024x683.png\" alt=\"\" class=\"wp-image-2446\" srcset=\"https:\/\/pair-aidance-addictions-bretagne.bzh\/wp-content\/uploads\/2026\/05\/260427-veille-site-bzh-1024x683.png 1024w, https:\/\/pair-aidance-addictions-bretagne.bzh\/wp-content\/uploads\/2026\/05\/260427-veille-site-bzh-300x200.png 300w, https:\/\/pair-aidance-addictions-bretagne.bzh\/wp-content\/uploads\/2026\/05\/260427-veille-site-bzh-768x512.png 768w, https:\/\/pair-aidance-addictions-bretagne.bzh\/wp-content\/uploads\/2026\/05\/260427-veille-site-bzh.png 1536w\" sizes=\"auto, (max-width: 1024px) 100vw, 1024px\" \/><\/figure>\n","protected":false},"excerpt":{"rendered":"<p>Cette semaine, plusieurs ressources et actualit\u00e9s r\u00e9gionales et nationales m\u00e9ritent l\u2019attention des acteurs de la pr\u00e9vention, de l\u2019addictologie et de la promotion de la sant\u00e9. [&#8230;]<\/p>\n","protected":false},"author":6,"featured_media":2446,"comment_status":"closed","ping_status":"open","sticky":false,"template":"","format":"standard","meta":{"_jetpack_memberships_contains_paid_content":false,"footnotes":""},"categories":[5],"tags":[],"class_list":["post-2445","post","type-post","status-publish","format-standard","has-post-thumbnail","hentry","category-actualites"],"jetpack_featured_media_url":"https:\/\/pair-aidance-addictions-bretagne.bzh\/wp-content\/uploads\/2026\/05\/260427-veille-site-bzh.png","jetpack_sharing_enabled":true,"_links":{"self":[{"href":"https:\/\/pair-aidance-addictions-bretagne.bzh\/index.php\/wp-json\/wp\/v2\/posts\/2445","targetHints":{"allow":["GET"]}}],"collection":[{"href":"https:\/\/pair-aidance-addictions-bretagne.bzh\/index.php\/wp-json\/wp\/v2\/posts"}],"about":[{"href":"https:\/\/pair-aidance-addictions-bretagne.bzh\/index.php\/wp-json\/wp\/v2\/types\/post"}],"author":[{"embeddable":true,"href":"https:\/\/pair-aidance-addictions-bretagne.bzh\/index.php\/wp-json\/wp\/v2\/users\/6"}],"replies":[{"embeddable":true,"href":"https:\/\/pair-aidance-addictions-bretagne.bzh\/index.php\/wp-json\/wp\/v2\/comments?post=2445"}],"version-history":[{"count":2,"href":"https:\/\/pair-aidance-addictions-bretagne.bzh\/index.php\/wp-json\/wp\/v2\/posts\/2445\/revisions"}],"predecessor-version":[{"id":2448,"href":"https:\/\/pair-aidance-addictions-bretagne.bzh\/index.php\/wp-json\/wp\/v2\/posts\/2445\/revisions\/2448"}],"wp:featuredmedia":[{"embeddable":true,"href":"https:\/\/pair-aidance-addictions-bretagne.bzh\/index.php\/wp-json\/wp\/v2\/media\/2446"}],"wp:attachment":[{"href":"https:\/\/pair-aidance-addictions-bretagne.bzh\/index.php\/wp-json\/wp\/v2\/media?parent=2445"}],"wp:term":[{"taxonomy":"category","embeddable":true,"href":"https:\/\/pair-aidance-addictions-bretagne.bzh\/index.php\/wp-json\/wp\/v2\/categories?post=2445"},{"taxonomy":"post_tag","embeddable":true,"href":"https:\/\/pair-aidance-addictions-bretagne.bzh\/index.php\/wp-json\/wp\/v2\/tags?post=2445"}],"curies":[{"name":"wp","href":"https:\/\/api.w.org\/{rel}","templated":true}]}}