{"id":2592,"date":"2026-09-04T21:43:11","date_gmt":"2026-09-04T19:43:11","guid":{"rendered":"https:\/\/pair-aidance-addictions-bretagne.bzh\/?p=2592"},"modified":"2026-09-04T21:43:11","modified_gmt":"2026-09-04T19:43:11","slug":"veille-addictologie-en-bretagne-semaine-du-31-aout-2026","status":"publish","type":"post","link":"https:\/\/pair-aidance-addictions-bretagne.bzh\/index.php\/2026\/09\/04\/veille-addictologie-en-bretagne-semaine-du-31-aout-2026\/","title":{"rendered":"Veille addictologie en Bretagne &#8211; semaine du 31 ao\u00fbt 2026"},"content":{"rendered":"\n<p class=\"wp-block-paragraph\">Cette semaine, l\u2019actualit\u00e9 en addictologie interroge \u00e0 la fois l\u2019organisation des parcours, la place des personnes concern\u00e9es et les repr\u00e9sentations sociales qui entourent encore les addictions.<\/p>\n\n\n\n<p class=\"wp-block-paragraph\">Pour la premi\u00e8re fois depuis la r\u00e9forme de 2007-2008, l\u2019Inspection g\u00e9n\u00e9rale des affaires sociales dresse un \u00e9tat des lieux global du dispositif fran\u00e7ais de prise en charge des addictions. En parall\u00e8le, une recherche publi\u00e9e dans <em>Sant\u00e9 Publique<\/em> documente concr\u00e8tement la construction d\u2019un dispositif territorial associant patients-partenaires et professionnels.<\/p>\n\n\n\n<p class=\"wp-block-paragraph\">Une autre \u00e9tude, men\u00e9e aupr\u00e8s de plus de 13 000 personnes dans trois pays, montre qu\u2019une courte vid\u00e9o anim\u00e9e peut contribuer \u00e0 r\u00e9duire la stigmatisation des personnes vivant avec une addiction. En Bretagne, la rentr\u00e9e est \u00e9galement marqu\u00e9e par le d\u00e9marrage d\u2019un nouveau cycle Libr\u2019Addict \u00e0 Auray et par un t\u00e9moignage venu de Saint-Brieuc sur l\u2019accompagnement de personnes vuln\u00e9rables sous mesure de protection.<\/p>\n\n\n\n<p class=\"wp-block-paragraph\">Enfin, deux sujets autour du tabac compl\u00e8tent cette veille : la parole d\u2019une tabacologue dans un m\u00e9dia grand public et une enqu\u00eate sur l\u2019industrialisation du trafic de cigarettes en France.<\/p>\n\n\n\n<hr class=\"wp-block-separator has-alpha-channel-opacity\"\/>\n\n\n\n<h2 class=\"wp-block-heading\">Addictions : l\u2019IGAS appelle \u00e0 am\u00e9liorer les parcours de prise en charge<\/h2>\n\n\n\n<p class=\"wp-block-paragraph\">C\u2019est un rapport particuli\u00e8rement important pour le champ de l\u2019addictologie. Pour la premi\u00e8re fois depuis la r\u00e9forme de 2007-2008, l\u2019Inspection g\u00e9n\u00e9rale des affaires sociales (IGAS) propose un \u00e9tat des lieux du dispositif fran\u00e7ais de prise en charge des addictions, toutes addictions et tous publics confondus.<\/p>\n\n\n\n<p class=\"wp-block-paragraph\">Le constat est nuanc\u00e9 : les fondamentaux du mod\u00e8le fran\u00e7ais restent solides, avec une approche globale associant dimensions m\u00e9dicale, psychologique et sociale et une compl\u00e9mentarit\u00e9 entre m\u00e9decine de ville, h\u00f4pital et secteur m\u00e9dico-social sp\u00e9cialis\u00e9. Mais le syst\u00e8me est aujourd\u2019hui sous forte tension.<\/p>\n\n\n\n<p class=\"wp-block-paragraph\">L\u2019IGAS pointe notamment la complexification des situations, li\u00e9e aux polyconsommations, aux comorbidit\u00e9s psychiatriques et aux addictions sans substance, mais aussi les difficult\u00e9s li\u00e9es au manque de ressources humaines. Les parcours restent marqu\u00e9s par un rep\u00e9rage insuffisant et h\u00e9t\u00e9rog\u00e8ne, des probl\u00e8mes de coordination et des d\u00e9lais d\u2019acc\u00e8s importants : l\u2019attente entre le premier contact et le premier rendez-vous avec un soignant en CSAPA est ainsi estim\u00e9e \u00e0 <strong>deux mois en moyenne<\/strong>.<\/p>\n\n\n\n<p class=\"wp-block-paragraph\">Une attention particuli\u00e8re est port\u00e9e aux jeunes, aux personnes en situation de pr\u00e9carit\u00e9 et aux femmes, dont les besoins restent insuffisamment pris en compte en dehors de la p\u00e9riode p\u00e9rinatale.<\/p>\n\n\n\n<p class=\"wp-block-paragraph\">Parmi ses recommandations, l\u2019IGAS propose de renforcer le pilotage national et territorial, d\u2019am\u00e9liorer l\u2019acc\u00e8s au premier recours et la continuit\u00e9 des soins et de d\u00e9velopper davantage la culture addictologique, notamment \u00e0 l\u2019h\u00f4pital. Le rapport appelle \u00e9galement \u00e0 renforcer la pr\u00e9vention concernant l\u2019alcool et le tabac et \u00e0 g\u00e9n\u00e9raliser la d\u00e9marche <strong>\u00ab<\/strong> Lieux de sant\u00e9 sans tabac \u00bb \u00e0 l\u2019ensemble des \u00e9tablissements de sant\u00e9 d\u2019ici 2027-2028.<\/p>\n\n\n\n<p class=\"wp-block-paragraph\"><strong><a href=\"https:\/\/www.igas.gouv.fr\/addictions-ameliorer-les-parcours-de-prise-en-charge\">\u00c0 lire : le rapport et la synth\u00e8se de l\u2019IGAS &#8211; \u00ab Addictions : am\u00e9liorer les parcours de prise en charge \u00bb<\/a><\/strong><\/p>\n\n\n<div class=\"wp-block-image\">\n<figure class=\"aligncenter size-large is-resized\"><a href=\"https:\/\/www.igas.gouv.fr\/addictions-ameliorer-les-parcours-de-prise-en-charge\"><img loading=\"lazy\" decoding=\"async\" width=\"1024\" height=\"669\" src=\"https:\/\/pair-aidance-addictions-bretagne.bzh\/wp-content\/uploads\/2026\/09\/Sans-titre-55-1024x669.png\" alt=\"\" class=\"wp-image-2593\" style=\"width:516px;height:auto\" srcset=\"https:\/\/pair-aidance-addictions-bretagne.bzh\/wp-content\/uploads\/2026\/09\/Sans-titre-55-1024x669.png 1024w, https:\/\/pair-aidance-addictions-bretagne.bzh\/wp-content\/uploads\/2026\/09\/Sans-titre-55-300x196.png 300w, https:\/\/pair-aidance-addictions-bretagne.bzh\/wp-content\/uploads\/2026\/09\/Sans-titre-55-768x502.png 768w, https:\/\/pair-aidance-addictions-bretagne.bzh\/wp-content\/uploads\/2026\/09\/Sans-titre-55-1536x1004.png 1536w, https:\/\/pair-aidance-addictions-bretagne.bzh\/wp-content\/uploads\/2026\/09\/Sans-titre-55.png 1588w\" sizes=\"auto, (max-width: 1024px) 100vw, 1024px\" \/><\/a><\/figure>\n<\/div>\n\n\n<hr class=\"wp-block-separator has-alpha-channel-opacity\"\/>\n\n\n\n<h2 class=\"wp-block-heading\">Patients-partenaires : construire autrement les parcours de r\u00e9tablissement<\/h2>\n\n\n\n<p class=\"wp-block-paragraph\">Comment r\u00e9pondre aux difficult\u00e9s d\u2019acc\u00e8s aux ressources professionnelles en addictologie tout en donnant une v\u00e9ritable place aux personnes concern\u00e9es ?<\/p>\n\n\n\n<p class=\"wp-block-paragraph\">Un article de recherche publi\u00e9 dans la revue <em>Sant\u00e9 Publique<\/em> pr\u00e9sente l\u2019exp\u00e9rimentation d\u2019une cellule territoriale d\u2019appui aux parcours de r\u00e9tablissement li\u00e9s aux addictions, construite avec des patients-partenaires et des professionnels de sant\u00e9.<\/p>\n\n\n\n<p class=\"wp-block-paragraph\">Le dispositif repose sur une coop\u00e9ration entre trois acteurs : la personne accompagn\u00e9e, un professionnel de sant\u00e9 et un patient-partenaire. L\u2019objectif n\u2019est donc pas d\u2019ajouter une intervention isol\u00e9e de pair-aidance au parcours existant, mais d\u2019articuler les diff\u00e9rentes formes d\u2019accompagnement.<\/p>\n\n\n\n<p class=\"wp-block-paragraph\">La recherche accorde \u00e9galement une place centrale aux <strong>savoirs exp\u00e9rientiels<\/strong>. Les auteurs ont cherch\u00e9 \u00e0 identifier et expliciter les savoirs mobilis\u00e9s par les patients-partenaires, aussi bien dans l\u2019accompagnement de leurs pairs que dans leurs interactions avec les professionnels. Ces savoirs peuvent contribuer au pouvoir d\u2019agir des personnes accompagn\u00e9es, mais \u00e9galement transformer les repr\u00e9sentations et les pratiques professionnelles.<\/p>\n\n\n\n<p class=\"wp-block-paragraph\">L\u2019exp\u00e9rimentation a permis d\u2019identifier cinq facteurs de succ\u00e8s pour la mise en \u0153uvre d\u2019un projet de partenariat en sant\u00e9. Les auteurs soulignent notamment l\u2019importance d\u2019une d\u00e9marche pragmatique et \u00e9volutive, de la reconnaissance des savoirs exp\u00e9rientiels, de l\u2019implication des patients d\u00e8s la conception des projets, d\u2019une gouvernance partag\u00e9e et d\u2019une clarification des r\u00f4les.<\/p>\n\n\n\n<p class=\"wp-block-paragraph\">Un travail particuli\u00e8rement int\u00e9ressant pour penser concr\u00e8tement la place des patients-partenaires dans les parcours et les organisations de sant\u00e9.<\/p>\n\n\n\n<p class=\"wp-block-paragraph\"><strong><a href=\"https:\/\/stm.cairn.info\/revue-sante-publique-2026-3-page-181\">\u00c0 d\u00e9couvrir : \u00ab R\u00e9pondre par une action territoriale et avec des patients-partenaires \u00e0 un d\u00e9fi de sant\u00e9 li\u00e9 aux addictions \u00bb, dans la revue Sant\u00e9 Publique.<\/a><\/strong><\/p>\n\n\n\n<figure class=\"wp-block-image size-large\"><a href=\"https:\/\/stm.cairn.info\/revue-sante-publique-2026-3-page-181\"><img loading=\"lazy\" decoding=\"async\" width=\"1024\" height=\"195\" src=\"https:\/\/pair-aidance-addictions-bretagne.bzh\/wp-content\/uploads\/2026\/09\/Sans-titre-56-1024x195.png\" alt=\"\" class=\"wp-image-2594\" srcset=\"https:\/\/pair-aidance-addictions-bretagne.bzh\/wp-content\/uploads\/2026\/09\/Sans-titre-56-1024x195.png 1024w, https:\/\/pair-aidance-addictions-bretagne.bzh\/wp-content\/uploads\/2026\/09\/Sans-titre-56-300x57.png 300w, https:\/\/pair-aidance-addictions-bretagne.bzh\/wp-content\/uploads\/2026\/09\/Sans-titre-56-765x146.png 765w, https:\/\/pair-aidance-addictions-bretagne.bzh\/wp-content\/uploads\/2026\/09\/Sans-titre-56-1536x293.png 1536w, https:\/\/pair-aidance-addictions-bretagne.bzh\/wp-content\/uploads\/2026\/09\/Sans-titre-56-2048x391.png 2048w\" sizes=\"auto, (max-width: 1024px) 100vw, 1024px\" \/><\/a><\/figure>\n\n\n\n<hr class=\"wp-block-separator has-alpha-channel-opacity\"\/>\n\n\n\n<h2 class=\"wp-block-heading\">Une vid\u00e9o de moins de trois minutes peut-elle r\u00e9duire la stigmatisation des addictions ?<\/h2>\n\n\n\n<p class=\"wp-block-paragraph\">C\u2019est une question simple, mais les r\u00e9sultats d\u2019une nouvelle \u00e9tude publi\u00e9e dans <em>eClinicalMedicine<\/em> sont particuli\u00e8rement int\u00e9ressants.<\/p>\n\n\n\n<p class=\"wp-block-paragraph\">Des chercheurs ont \u00e9valu\u00e9 les effets d\u2019une courte vid\u00e9o anim\u00e9e de 2 minutes 40, sans paroles, racontant l\u2019histoire d\u2019un jeune poisson progressivement pris au pi\u00e8ge d\u2019une substance avant de rencontrer un autre poisson ayant lui-m\u00eame travers\u00e9 une exp\u00e9rience d\u2019addiction.<\/p>\n\n\n\n<p class=\"wp-block-paragraph\">L\u2019essai contr\u00f4l\u00e9 randomis\u00e9 a \u00e9t\u00e9 men\u00e9 au Royaume-Uni, aux \u00c9tats-Unis et en Afrique du Sud. 13 397 personnes ont particip\u00e9 \u00e0 l\u2019\u00e9valuation. Elles ont visionn\u00e9 soit la vid\u00e9o avec sa bande sonore, soit la m\u00eame vid\u00e9o sans son, soit un contenu informatif classique sur les troubles li\u00e9s \u00e0 l\u2019usage de substances.<\/p>\n\n\n\n<p class=\"wp-block-paragraph\">Les r\u00e9sultats montrent un effet modeste mais significatif : imm\u00e9diatement apr\u00e8s le visionnage, le niveau moyen de stigmatisation \u00e9tait inf\u00e9rieur de 9 % dans le groupe ayant vu la vid\u00e9o avec sa bande sonore par rapport au groupe contr\u00f4le. Deux semaines plus tard, l\u2019\u00e9cart \u00e9tait encore de 4 %. La version sans bande sonore produit elle aussi un effet, mais plus faible.<\/p>\n\n\n\n<p class=\"wp-block-paragraph\">Ces r\u00e9sultats sont int\u00e9ressants car la stigmatisation n\u2019est pas sans cons\u00e9quence : elle peut favoriser l\u2019exclusion, fragiliser le soutien social et constituer un frein \u00e0 la demande d\u2019aide. Les auteurs consid\u00e8rent que ce type de r\u00e9cit anim\u00e9 pourrait trouver sa place dans des campagnes de d\u00e9stigmatisation \u00e0 destination du grand public.<\/p>\n\n\n\n<p class=\"wp-block-paragraph\">Et le message de la vid\u00e9o r\u00e9sonne particuli\u00e8rement avec la pair-aidance : la sortie de l\u2019addiction n\u2019y est pas repr\u00e9sent\u00e9e comme un chemin n\u00e9cessairement solitaire, mais aussi comme une rencontre possible avec quelqu\u2019un qui conna\u00eet ce chemin.<\/p>\n\n\n\n<p class=\"wp-block-paragraph\"><strong><a href=\"https:\/\/www.thelancet.com\/journals\/eclinm\/article\/PIIS2589-5370(26)00382-2\/fulltext\">\u00c0 voir : la vid\u00e9o et l\u2019\u00e9tude publi\u00e9e dans eClinicalMedicine.<\/a><\/strong><\/p>\n\n\n\n<figure class=\"wp-block-image size-large\"><a href=\"https:\/\/www.thelancet.com\/journals\/eclinm\/article\/PIIS2589-5370(26)00382-2\/fulltext\"><img loading=\"lazy\" decoding=\"async\" width=\"1024\" height=\"236\" src=\"https:\/\/pair-aidance-addictions-bretagne.bzh\/wp-content\/uploads\/2026\/09\/Sans-titre-57-1024x236.png\" alt=\"\" class=\"wp-image-2595\" srcset=\"https:\/\/pair-aidance-addictions-bretagne.bzh\/wp-content\/uploads\/2026\/09\/Sans-titre-57-1024x236.png 1024w, https:\/\/pair-aidance-addictions-bretagne.bzh\/wp-content\/uploads\/2026\/09\/Sans-titre-57-300x69.png 300w, https:\/\/pair-aidance-addictions-bretagne.bzh\/wp-content\/uploads\/2026\/09\/Sans-titre-57-767x177.png 767w, https:\/\/pair-aidance-addictions-bretagne.bzh\/wp-content\/uploads\/2026\/09\/Sans-titre-57-1536x354.png 1536w, https:\/\/pair-aidance-addictions-bretagne.bzh\/wp-content\/uploads\/2026\/09\/Sans-titre-57.png 2046w\" sizes=\"auto, (max-width: 1024px) 100vw, 1024px\" \/><\/a><\/figure>\n\n\n\n<hr class=\"wp-block-separator has-alpha-channel-opacity\"\/>\n\n\n\n<h2 class=\"wp-block-heading\">\u00c0 Auray, Libr\u2019Addict reprend avec un nouveau cycle d\u2019\u00e9ducation th\u00e9rapeutique<\/h2>\n\n\n\n<p class=\"wp-block-paragraph\">En Bretagne, le programme d\u2019\u00e9ducation th\u00e9rapeutique Libr\u2019Addict reprend sur le territoire d\u2019Auray.<\/p>\n\n\n\n<p class=\"wp-block-paragraph\">Le nouveau cycle propos\u00e9 sur le site de la CPTS d\u2019Auray, coordonn\u00e9 par Alexandra Igui, d\u00e9butera jeudi 10 septembre. Quelques places sont encore disponibles pour int\u00e9grer les s\u00e9ances.<\/p>\n\n\n\n<p class=\"wp-block-paragraph\">Le dispositif s\u2019inscrit dans une d\u00e9marche d\u2019\u00e9ducation th\u00e9rapeutique et de soutien au r\u00e9tablissement. Les professionnels accompagnant des personnes susceptibles d\u2019\u00eatre int\u00e9ress\u00e9es peuvent donc leur pr\u00e9senter le programme et les orienter vers l\u2019\u00e9quipe.<\/p>\n\n\n\n<p class=\"wp-block-paragraph\">Une initiative r\u00e9gionale qui illustre aussi l\u2019int\u00e9r\u00eat de d\u00e9velopper des r\u00e9ponses de proximit\u00e9 et des parcours adapt\u00e9s aux besoins des personnes.<\/p>\n\n\n\n<p class=\"wp-block-paragraph\"><strong>\u00c0 retrouver : les informations et modalit\u00e9s d\u2019inscription au programme Libr\u2019Addict \u00e0 Auray.<\/strong><\/p>\n\n\n<div class=\"wp-block-image\">\n<figure class=\"aligncenter size-large is-resized\"><img loading=\"lazy\" decoding=\"async\" width=\"724\" height=\"1024\" src=\"https:\/\/pair-aidance-addictions-bretagne.bzh\/wp-content\/uploads\/2026\/09\/Sans-titre-58-724x1024.png\" alt=\"\" class=\"wp-image-2596\" style=\"width:407px;height:auto\" srcset=\"https:\/\/pair-aidance-addictions-bretagne.bzh\/wp-content\/uploads\/2026\/09\/Sans-titre-58-724x1024.png 724w, https:\/\/pair-aidance-addictions-bretagne.bzh\/wp-content\/uploads\/2026\/09\/Sans-titre-58-212x300.png 212w, https:\/\/pair-aidance-addictions-bretagne.bzh\/wp-content\/uploads\/2026\/09\/Sans-titre-58-767x1085.png 767w, https:\/\/pair-aidance-addictions-bretagne.bzh\/wp-content\/uploads\/2026\/09\/Sans-titre-58.png 1044w\" sizes=\"auto, (max-width: 724px) 100vw, 724px\" \/><\/figure>\n<\/div>\n\n\n<hr class=\"wp-block-separator has-alpha-channel-opacity\"\/>\n\n\n\n<h2 class=\"wp-block-heading\">\u00c0 Saint-Brieuc, accompagner les vuln\u00e9rabilit\u00e9s au-del\u00e0 de l\u2019addiction<\/h2>\n\n\n\n<p class=\"wp-block-paragraph\">Un reportage du <em>T\u00e9l\u00e9gramme<\/em> nous emm\u00e8ne cette semaine \u00e0 Saint-Brieuc, \u00e0 la rencontre d\u2019un mandataire judiciaire \u00e0 la protection des majeurs.<\/p>\n\n\n\n<p class=\"wp-block-paragraph\">Son t\u00e9moignage rappelle la diversit\u00e9 des situations rencontr\u00e9es par les personnes sous tutelle ou curatelle : handicap, isolement, difficult\u00e9s sociales, pauvret\u00e9 ou encore addictions. Ces probl\u00e9matiques se cumulent fr\u00e9quemment et rendent les situations de plus en plus complexes.<\/p>\n\n\n\n<p class=\"wp-block-paragraph\">Pr\u00e8s d\u2019un million de personnes majeures b\u00e9n\u00e9ficient actuellement d\u2019une mesure de protection en France. Le r\u00f4le du mandataire consiste \u00e0 assister ou repr\u00e9senter la personne selon la mesure prononc\u00e9e, tout en cherchant \u00e0 respecter autant que possible ses choix et sa volont\u00e9.<\/p>\n\n\n\n<p class=\"wp-block-paragraph\">Pour les acteurs de l\u2019addictologie et de la pair-aidance, ce t\u00e9moignage rappelle aussi l\u2019importance de travailler avec l\u2019ensemble de l\u2019environnement social de la personne. \u00c0 Saint-Brieuc, trois associations tut\u00e9laires accompagnent ces publics : l\u2019Acap 22, l\u2019APM 22 et l\u2019Udaf 22.<\/p>\n\n\n\n<p class=\"wp-block-paragraph\">Dans le cadre de l\u2019accompagnement du tabagisme notamment, les enjeux sanitaires peuvent ainsi rencontrer tr\u00e8s directement ceux de l\u2019autonomie financi\u00e8re et du pouvoir d\u2019agir. C\u2019est pr\u00e9cis\u00e9ment ce lien qui a conduit l\u2019\u00e9quipe As\u2019ter Bretagne \u00e0 relayer ce t\u00e9moignage aupr\u00e8s des intervenants pairs tabac.<\/p>\n\n\n\n<p class=\"wp-block-paragraph\"><strong><a href=\"https:\/\/www.letelegramme.fr\/cotes-d-armor\/saint-brieuc-22000\/on-est-un-repere-pour-ces-personnes-qui-nen-ont-plus-a-saint-brieuc-benjamin-accompagne-les-adultes-sous-mesure-de-protection-7110607.php\">\u00c0 lire : le t\u00e9moignage publi\u00e9 par Le T\u00e9l\u00e9gramme.<\/a><\/strong><\/p>\n\n\n<div class=\"wp-block-image\">\n<figure class=\"aligncenter size-large is-resized\"><a href=\"https:\/\/www.letelegramme.fr\/cotes-d-armor\/saint-brieuc-22000\/on-est-un-repere-pour-ces-personnes-qui-nen-ont-plus-a-saint-brieuc-benjamin-accompagne-les-adultes-sous-mesure-de-protection-7110607.php\"><img loading=\"lazy\" decoding=\"async\" width=\"1024\" height=\"691\" src=\"https:\/\/pair-aidance-addictions-bretagne.bzh\/wp-content\/uploads\/2026\/09\/Sans-titre-59-1024x691.png\" alt=\"\" class=\"wp-image-2597\" style=\"width:481px;height:auto\" srcset=\"https:\/\/pair-aidance-addictions-bretagne.bzh\/wp-content\/uploads\/2026\/09\/Sans-titre-59-1024x691.png 1024w, https:\/\/pair-aidance-addictions-bretagne.bzh\/wp-content\/uploads\/2026\/09\/Sans-titre-59-300x202.png 300w, https:\/\/pair-aidance-addictions-bretagne.bzh\/wp-content\/uploads\/2026\/09\/Sans-titre-59-768x518.png 768w, https:\/\/pair-aidance-addictions-bretagne.bzh\/wp-content\/uploads\/2026\/09\/Sans-titre-59.png 1458w\" sizes=\"auto, (max-width: 1024px) 100vw, 1024px\" \/><\/a><\/figure>\n<\/div>\n\n\n<hr class=\"wp-block-separator has-alpha-channel-opacity\"\/>\n\n\n\n<h2 class=\"wp-block-heading\">Tabac : le trafic de cigarettes change d\u2019\u00e9chelle<\/h2>\n\n\n\n<p class=\"wp-block-paragraph\">Une enqu\u00eate publi\u00e9e par <em>D\u00e9cideurs Magazine<\/em> s\u2019int\u00e9resse \u00e0 une autre facette du tabac : le d\u00e9veloppement d\u2019une v\u00e9ritable industrie clandestine de la cigarette en France.<\/p>\n\n\n\n<p class=\"wp-block-paragraph\">Les trafics ne reposent plus seulement sur des achats transfrontaliers ou de la vente \u00e0 la sauvette. Des unit\u00e9s clandestines de fabrication ont \u00e9t\u00e9 d\u00e9couvertes sur le territoire fran\u00e7ais et les organisations impliqu\u00e9es disposent d\u00e9sormais de capacit\u00e9s importantes de production, de stockage et de distribution.<\/p>\n\n\n\n<p class=\"wp-block-paragraph\">En 2024, plus d\u2019un quart des r\u00e9seaux de criminalit\u00e9 organis\u00e9e d\u00e9mantel\u00e9s par les douanes fran\u00e7aises concernaient la fraude au tabac. Le nombre de personnes mises en cause pour des infractions douani\u00e8res li\u00e9es au tabac est pass\u00e9 de 893 en 2019 \u00e0 2 314 en 2024. En 2025, la Douane a intercept\u00e9 548 tonnes de tabac en France et particip\u00e9 \u00e0 la saisie de 284 tonnes suppl\u00e9mentaires \u00e0 l\u2019\u00e9tranger.<\/p>\n\n\n\n<p class=\"wp-block-paragraph\">Cette \u00e9volution concerne aussi le Grand Ouest : en 2025, plus de cinq tonnes de cigarettes ont notamment \u00e9t\u00e9 d\u00e9couvertes dans un entrep\u00f4t de la r\u00e9gion nantaise. Pour l\u2019Office national anti-fraude, ces affaires t\u00e9moignent de l\u2019implication d\u2019organisations criminelles disposant d\u00e9sormais de moyens logistiques et financiers consid\u00e9rables.<\/p>\n\n\n\n<p class=\"wp-block-paragraph\">L\u2019article montre ainsi comment le trafic de tabac s\u2019int\u00e8gre progressivement \u00e0 des formes de polycriminalit\u00e9, parfois aux c\u00f4t\u00e9s des stup\u00e9fiants et d&rsquo;autres trafics.<\/p>\n\n\n\n<p class=\"wp-block-paragraph\"><strong><a href=\"https:\/\/www.decideurs-magazine.com\/droit\/65119-tabac-comment-la-france-est-devenue-l-eldorado-des-mafias.html\">\u00c0 lire : l\u2019enqu\u00eate de D\u00e9cideurs Magazine sur l\u2019\u00e9volution du trafic de tabac en France.<\/a><\/strong><\/p>\n\n\n<div class=\"wp-block-image\">\n<figure class=\"aligncenter size-large is-resized\"><a href=\"https:\/\/www.decideurs-magazine.com\/droit\/65119-tabac-comment-la-france-est-devenue-l-eldorado-des-mafias.html\"><img loading=\"lazy\" decoding=\"async\" width=\"1015\" height=\"1024\" src=\"https:\/\/pair-aidance-addictions-bretagne.bzh\/wp-content\/uploads\/2026\/09\/Sans-titre-60-1015x1024.png\" alt=\"\" class=\"wp-image-2598\" style=\"aspect-ratio:0.9912299382417284;width:465px;height:auto\" srcset=\"https:\/\/pair-aidance-addictions-bretagne.bzh\/wp-content\/uploads\/2026\/09\/Sans-titre-60-1015x1024.png 1015w, https:\/\/pair-aidance-addictions-bretagne.bzh\/wp-content\/uploads\/2026\/09\/Sans-titre-60-150x150.png 150w, https:\/\/pair-aidance-addictions-bretagne.bzh\/wp-content\/uploads\/2026\/09\/Sans-titre-60-297x300.png 297w, https:\/\/pair-aidance-addictions-bretagne.bzh\/wp-content\/uploads\/2026\/09\/Sans-titre-60-767x774.png 767w, https:\/\/pair-aidance-addictions-bretagne.bzh\/wp-content\/uploads\/2026\/09\/Sans-titre-60.png 1537w\" sizes=\"auto, (max-width: 1015px) 100vw, 1015px\" \/><\/a><\/figure>\n<\/div>\n\n\n<hr class=\"wp-block-separator has-alpha-channel-opacity\"\/>\n\n\n\n<h2 class=\"wp-block-heading\">Arr\u00eat du tabac : une tabacologue r\u00e9pond aux questions du grand public<\/h2>\n\n\n\n<p class=\"wp-block-paragraph\">Enfin, la question de l\u2019arr\u00eat du tabac s\u2019est invit\u00e9e cette semaine dans une \u00e9mission grand public de TF1.<\/p>\n\n\n\n<p class=\"wp-block-paragraph\">La tabacologue <strong>Marion Adler<\/strong>, de l\u2019h\u00f4pital Antoine-B\u00e9cl\u00e8re, \u00e9tait invit\u00e9e le 1er septembre pour r\u00e9pondre aux questions autour de la d\u00e9pendance et de l\u2019arr\u00eat du tabac.<\/p>\n\n\n\n<p class=\"wp-block-paragraph\">Au-del\u00e0 du contenu de cette s\u00e9quence, sa diffusion sur une grande cha\u00eene g\u00e9n\u00e9raliste participe \u00e0 rendre plus visibles les possibilit\u00e9s d\u2019accompagnement et \u00e0 rappeler que l\u2019arr\u00eat du tabac peut \u00eatre soutenu par des professionnels.<\/p>\n\n\n\n<p class=\"wp-block-paragraph\"><strong><a href=\"https:\/\/www.tf1info.fr\/sante\/videos\/video-une-tabacologue-vous-repond-et-si-vous-arretiez-de-fumer-57640-2461648.html\">\u00c0 voir : \u00ab Une tabacologue vous r\u00e9pond : Et si vous arr\u00eatiez de fumer ? \u00bb sur TF1 Info.<\/a><\/strong><\/p>\n\n\n<div class=\"wp-block-image\">\n<figure class=\"aligncenter size-large is-resized\"><a href=\"https:\/\/www.tf1info.fr\/sante\/videos\/video-une-tabacologue-vous-repond-et-si-vous-arretiez-de-fumer-57640-2461648.html\"><img loading=\"lazy\" decoding=\"async\" width=\"1024\" height=\"851\" src=\"https:\/\/pair-aidance-addictions-bretagne.bzh\/wp-content\/uploads\/2026\/09\/Sans-titre-61-1024x851.png\" alt=\"\" class=\"wp-image-2599\" style=\"width:438px;height:auto\" srcset=\"https:\/\/pair-aidance-addictions-bretagne.bzh\/wp-content\/uploads\/2026\/09\/Sans-titre-61-1024x851.png 1024w, https:\/\/pair-aidance-addictions-bretagne.bzh\/wp-content\/uploads\/2026\/09\/Sans-titre-61-300x249.png 300w, https:\/\/pair-aidance-addictions-bretagne.bzh\/wp-content\/uploads\/2026\/09\/Sans-titre-61-767x638.png 767w, https:\/\/pair-aidance-addictions-bretagne.bzh\/wp-content\/uploads\/2026\/09\/Sans-titre-61-1536x1277.png 1536w, https:\/\/pair-aidance-addictions-bretagne.bzh\/wp-content\/uploads\/2026\/09\/Sans-titre-61.png 1809w\" sizes=\"auto, (max-width: 1024px) 100vw, 1024px\" \/><\/a><\/figure>\n<\/div>\n\n\n<hr class=\"wp-block-separator has-alpha-channel-opacity\"\/>\n\n\n\n<h2 class=\"wp-block-heading\">\u00c0 retenir cette semaine<\/h2>\n\n\n\n<p class=\"wp-block-paragraph\">Cette veille du 31 ao\u00fbt fait ressortir plusieurs fils conducteurs :<\/p>\n\n\n\n<ul class=\"wp-block-list\">\n<li><strong>les parcours en addictologie restent solides dans leurs principes mais sous tension<\/strong>, avec des enjeux majeurs de rep\u00e9rage, d\u2019acc\u00e8s, de coordination et de continuit\u00e9 des soins ;<\/li>\n\n\n\n<li><strong>la participation des personnes concern\u00e9es peut aller bien au-del\u00e0 de la consultation<\/strong>, jusqu\u2019\u00e0 la co-construction et \u00e0 l\u2019organisation des parcours avec les professionnels ;<\/li>\n\n\n\n<li><strong>les savoirs exp\u00e9rientiels constituent de v\u00e9ritables ressources<\/strong> pour accompagner les pairs, favoriser leur pouvoir d\u2019agir et enrichir les pratiques professionnelles ;<\/li>\n\n\n\n<li><strong>agir sur les repr\u00e9sentations fait partie de la r\u00e9ponse aux addictions<\/strong> : une intervention num\u00e9rique extr\u00eamement courte peut d\u00e9j\u00e0 produire un effet mesurable sur la stigmatisation ;<\/li>\n\n\n\n<li>en Bretagne, <strong>les r\u00e9ponses de proximit\u00e9 et la coop\u00e9ration entre acteurs restent essentielles<\/strong>, qu\u2019il s\u2019agisse d\u2019\u00e9ducation th\u00e9rapeutique \u00e0 Auray ou de l\u2019accompagnement de personnes particuli\u00e8rement vuln\u00e9rables \u00e0 Saint-Brieuc ;<\/li>\n\n\n\n<li>enfin, les questions li\u00e9es au tabac d\u00e9passent le seul champ sanitaire, entre accompagnement \u00e0 l\u2019arr\u00eat et transformation profonde des trafics.<\/li>\n<\/ul>\n\n\n\n<p class=\"wp-block-paragraph\">Des politiques publiques aux initiatives territoriales, de la recherche aux savoirs exp\u00e9rientiels, cette semaine illustre une nouvelle fois combien l\u2019am\u00e9lioration des r\u00e9ponses aux addictions repose sur la capacit\u00e9 \u00e0 <strong>croiser les regards, d\u00e9cloisonner les pratiques et construire avec les personnes concern\u00e9es<\/strong>.<\/p>\n\n\n\n<p class=\"wp-block-paragraph\"><strong>Continuons \u00e0 partager les ressources, initiatives et actualit\u00e9s qui font avancer l\u2019addictologie et la pair-aidance en Bretagne et au-del\u00e0.<\/strong><\/p>\n\n\n\n<figure class=\"wp-block-image size-large\"><img loading=\"lazy\" decoding=\"async\" width=\"1024\" height=\"683\" src=\"https:\/\/pair-aidance-addictions-bretagne.bzh\/wp-content\/uploads\/2026\/09\/260831-veille-site-bzh-1024x683.png\" alt=\"\" class=\"wp-image-2600\" srcset=\"https:\/\/pair-aidance-addictions-bretagne.bzh\/wp-content\/uploads\/2026\/09\/260831-veille-site-bzh-1024x683.png 1024w, https:\/\/pair-aidance-addictions-bretagne.bzh\/wp-content\/uploads\/2026\/09\/260831-veille-site-bzh-300x200.png 300w, https:\/\/pair-aidance-addictions-bretagne.bzh\/wp-content\/uploads\/2026\/09\/260831-veille-site-bzh-768x512.png 768w, https:\/\/pair-aidance-addictions-bretagne.bzh\/wp-content\/uploads\/2026\/09\/260831-veille-site-bzh.png 1536w\" sizes=\"auto, (max-width: 1024px) 100vw, 1024px\" \/><\/figure>\n","protected":false},"excerpt":{"rendered":"<p>Cette semaine, l\u2019actualit\u00e9 en addictologie interroge \u00e0 la fois l\u2019organisation des parcours, la place des personnes concern\u00e9es et les repr\u00e9sentations sociales qui entourent encore les [&#8230;]<\/p>\n","protected":false},"author":6,"featured_media":2600,"comment_status":"closed","ping_status":"open","sticky":false,"template":"","format":"standard","meta":{"_jetpack_newsletter_access":"","_jetpack_dont_email_post_to_subs":false,"_jetpack_newsletter_tier_id":0,"_jetpack_memberships_contains_paywalled_content":false,"_jetpack_memberships_contains_paid_content":false,"footnotes":""},"categories":[5],"tags":[],"class_list":["post-2592","post","type-post","status-publish","format-standard","has-post-thumbnail","hentry","category-actualites"],"jetpack_sharing_enabled":true,"jetpack_featured_media_url":"https:\/\/pair-aidance-addictions-bretagne.bzh\/wp-content\/uploads\/2026\/09\/260831-veille-site-bzh.png","_links":{"self":[{"href":"https:\/\/pair-aidance-addictions-bretagne.bzh\/index.php\/wp-json\/wp\/v2\/posts\/2592","targetHints":{"allow":["GET"]}}],"collection":[{"href":"https:\/\/pair-aidance-addictions-bretagne.bzh\/index.php\/wp-json\/wp\/v2\/posts"}],"about":[{"href":"https:\/\/pair-aidance-addictions-bretagne.bzh\/index.php\/wp-json\/wp\/v2\/types\/post"}],"author":[{"embeddable":true,"href":"https:\/\/pair-aidance-addictions-bretagne.bzh\/index.php\/wp-json\/wp\/v2\/users\/6"}],"replies":[{"embeddable":true,"href":"https:\/\/pair-aidance-addictions-bretagne.bzh\/index.php\/wp-json\/wp\/v2\/comments?post=2592"}],"version-history":[{"count":1,"href":"https:\/\/pair-aidance-addictions-bretagne.bzh\/index.php\/wp-json\/wp\/v2\/posts\/2592\/revisions"}],"predecessor-version":[{"id":2601,"href":"https:\/\/pair-aidance-addictions-bretagne.bzh\/index.php\/wp-json\/wp\/v2\/posts\/2592\/revisions\/2601"}],"wp:featuredmedia":[{"embeddable":true,"href":"https:\/\/pair-aidance-addictions-bretagne.bzh\/index.php\/wp-json\/wp\/v2\/media\/2600"}],"wp:attachment":[{"href":"https:\/\/pair-aidance-addictions-bretagne.bzh\/index.php\/wp-json\/wp\/v2\/media?parent=2592"}],"wp:term":[{"taxonomy":"category","embeddable":true,"href":"https:\/\/pair-aidance-addictions-bretagne.bzh\/index.php\/wp-json\/wp\/v2\/categories?post=2592"},{"taxonomy":"post_tag","embeddable":true,"href":"https:\/\/pair-aidance-addictions-bretagne.bzh\/index.php\/wp-json\/wp\/v2\/tags?post=2592"}],"curies":[{"name":"wp","href":"https:\/\/api.w.org\/{rel}","templated":true}]}}